[{"@context":"https:\/\/schema.org\/","@type":"Article","@id":"https:\/\/www.tevacz.cz\/za-prirodou-do-vysokych-tater\/#Article","mainEntityOfPage":"https:\/\/www.tevacz.cz\/za-prirodou-do-vysokych-tater\/","headline":"Za p\u0159\u00edrodou do Vysok\u00fdch Tater","name":"Za p\u0159\u00edrodou do Vysok\u00fdch Tater","description":"Vysok\u00e9 Tatry b\u00fdvaly ka\u017edoro\u010dn\u00edm c\u00edlem na\u0161ich babi\u010dek a d\u011bde\u010dk\u016f \u2013 nem\u011bli toti\u017e, na rozd\u00edl od n\u00e1s, mo\u017enosti pod\u00edvat se n\u011bkam jinam. My dnes takov\u00e9 mo\u017enosti m\u00e1me, av\u0161ak mnoho z\u00a0n\u00e1s zapom\u00edn\u00e1 na kr\u00e1sy \u010cech a Slovenska, kter\u00e9 stoj\u00ed za to vid\u011bt. Ne\u017e vyjedete: \u00b7\u00a0\u00a0\u00a0\u00a0\u00a0\u00a0\u00a0\u00a0 pod\u00edvejte se na dokument o Tatr\u00e1ch \u2013 u\u017e v\u00a0p\u0159edstihu nasajete spr\u00e1vnou atmosf\u00e9ru [&hellip;]","datePublished":"2025-02-27","dateModified":"2023-04-28","author":{"@type":"Person","@id":"https:\/\/www.tevacz.cz\/author\/#Person","name":"tevacz.cz\n","url":"https:\/\/www.tevacz.cz\/author\/","identifier":1,"image":{"@type":"ImageObject","@id":"https:\/\/secure.gravatar.com\/avatar\/9cae764794acc12213aa530e21558ed2bd96c03f91e0c3ad21cc1905765be658?s=96&d=mm&r=g","url":"https:\/\/secure.gravatar.com\/avatar\/9cae764794acc12213aa530e21558ed2bd96c03f91e0c3ad21cc1905765be658?s=96&d=mm&r=g","height":96,"width":96}},"publisher":{"@type":"Organization","name":"tevacz.cz","logo":{"@type":"ImageObject","@id":"\/logo.png","url":"\/logo.png","width":600,"height":60}},"image":{"@type":"ImageObject","@id":"https:\/\/www.tevacz.cz\/wp-content\/uploads\/img_a288059_w1926_t1498572843.jpg","url":"https:\/\/www.tevacz.cz\/wp-content\/uploads\/img_a288059_w1926_t1498572843.jpg","height":0,"width":0},"url":"https:\/\/www.tevacz.cz\/za-prirodou-do-vysokych-tater\/","about":["Dovolen\u00e1"],"wordCount":459,"articleBody":"Vysok\u00e9 Tatry b\u00fdvaly ka\u017edoro\u010dn\u00edm c\u00edlem na\u0161ich babi\u010dek a d\u011bde\u010dk\u016f \u2013 nem\u011bli toti\u017e, na rozd\u00edl od n\u00e1s, mo\u017enosti pod\u00edvat se n\u011bkam jinam. My dnes takov\u00e9 mo\u017enosti m\u00e1me, av\u0161ak mnoho z\u00a0n\u00e1s zapom\u00edn\u00e1 na kr\u00e1sy \u010cech a Slovenska, kter\u00e9 stoj\u00ed za to vid\u011bt.Ne\u017e vyjedete:\u00b7\u00a0\u00a0\u00a0\u00a0\u00a0\u00a0\u00a0\u00a0 pod\u00edvejte se na dokument o Tatr\u00e1ch \u2013 u\u017e v\u00a0p\u0159edstihu nasajete spr\u00e1vnou atmosf\u00e9ru\u00b7\u00a0\u00a0\u00a0\u00a0\u00a0\u00a0\u00a0\u00a0 nezapome\u0148te na l\u00e9k\u00e1rni\u010dku, proto\u017ee nikdy nev\u00edte, kdy ji budete pot\u0159ebovat\u00b7\u00a0\u00a0\u00a0\u00a0\u00a0\u00a0\u00a0\u00a0 zabalte si teplej\u0161\u00ed oble\u010den\u00ed do hor, pl\u00e1\u0161t\u011bnky a oble\u010den\u00ed, ve kter\u00e9m se c\u00edt\u00edte pohodln\u011b\u00b7\u00a0\u00a0\u00a0\u00a0\u00a0\u00a0\u00a0\u00a0 p\u0159iberte boty, kter\u00e9 u\u017e m\u00e1te \u201evychozen\u00e9\u201cVe Vysok\u00fdch Tatr\u00e1ch si p\u0159ijde na sv\u00e9 ka\u017ed\u00fd, mal\u00ed dobrodruzi a nad\u0161en\u00ed horolezci. Pro ty m\u00e9n\u011b n\u00e1ro\u010dn\u00e9 jsou k\u00a0vid\u011bn\u00ed ledovcov\u00e9 jezera \u2013 plesa (v Polsku stawy). N\u011bkter\u00e1 jsou h\u016f\u0159e p\u0159\u00edstupn\u00e1 a jejich dosa\u017een\u00ed p\u0159in\u00e1\u0161\u00ed v\u00edt\u011bzn\u00fd pocit po nam\u00e1hav\u00e9 t\u00fa\u0159e, okolo jin\u00fdch vznikly osady a nen\u00ed nijak t\u011b\u017ek\u00e9 se k\u00a0nim dostat. D\u00e1le jsou v\u00a0Tatr\u00e1ch lanovky, kter\u00e9 n\u00e1s dostanou i tam, kam se jinak nepod\u00edv\u00e1me \u2013 nap\u0159\u00edklad na Lomnick\u00fd \u0161t\u00edt, kde si ale j\u00edzdenku budeme muset koupit s\u00a0p\u0159edstihem. Lomnick\u00fd \u0161t\u00edt se ty\u010d\u00ed ve v\u00fd\u0161ce 2634 metr\u016f a rozhled z\u00a0n\u011bj opravdu stoj\u00ed za to. Lanovku v\u0161ak nemus\u00edme vyu\u017e\u00edvat na Solisko, Skalnat\u00e9 pleso, ani Hrebienok \u2013 \u017e\u00e1dn\u00e1 z\u00a0t\u011bchto t\u00far nen\u00ed nijak n\u00e1ro\u010dn\u00e1.Ubytovat se m\u016f\u017eeme v\u00a0kempech i hotelu, Tatry sk\u00fdtaj\u00ed mno\u017estv\u00edm ubytovac\u00edch za\u0159\u00edzen\u00ed a je t\u0159eba si vybrat takov\u00e9, kter\u00e9 n\u00e1m cenov\u011b \u201esed\u00ed\u201c a z\u00e1rove\u0148 se nach\u00e1z\u00ed pobl\u00ed\u017e stanice vlaku \u2013 ten budeme nejsp\u00ed\u0161 vyu\u017e\u00edvat ka\u017edodenn\u011b. Je v\u00fdhodn\u011bj\u0161\u00ed vyu\u017e\u00edt s\u00ed\u0165ov\u00e9 j\u00edzdenky, ta je nab\u00edzena na 1 den, 3 dny, t\u00fdden a m\u011bs\u00edc, p\u0159i\u010dem\u017e sedmidenn\u00ed l\u00edstek po\u0159\u00edd\u00edme za 14 eur.Do Vysok\u00fdch Tater se m\u016f\u017eeme dopravit jak vlastn\u00edm autem, pak nebude t\u0159eba vyu\u017e\u00edvat vlaky Tatransk\u00fdch elektrick\u00fdch \u017eeleznic, nebo vlakem. Napl\u00e1nujeme si spoj do Popradu a d\u00e1le vyu\u017eijeme vlak\u016f TE\u017d.V\u00a0Tatr\u00e1ch m\u016f\u017eeme narazit na medv\u011bdy, nep\u0159\u00edze\u0148 po\u010das\u00ed i vedra, je t\u0159eba se na to n\u00e1le\u017eit\u011b p\u0159ipravit. Dovolen\u00e1 v\u00a0Tatr\u00e1ch je aktivn\u00ed tr\u00e1ven\u00ed \u010dasu s\u00a0rodinou, kter\u00fd si m\u016f\u017eete napl\u00e1novat p\u0159esn\u011b tak, jak V\u00e1m to vyhovuje, jeliko\u017e m\u00e1te nespo\u010det mo\u017enost\u00ed, jak tento \u010das investovat.                                                                                                                                                                                                                                                                                                                                                                                        3.9\/5 - (12 votes)        "},{"@context":"https:\/\/schema.org\/","@type":"BreadcrumbList","itemListElement":[{"@type":"ListItem","position":1,"name":"Za p\u0159\u00edrodou do Vysok\u00fdch Tater","item":"https:\/\/www.tevacz.cz\/za-prirodou-do-vysokych-tater\/#breadcrumbitem"}]}]