[{"@context":"https:\/\/schema.org\/","@type":"Article","@id":"https:\/\/www.tevacz.cz\/radsi-dobroty-nez-ordinaci\/#Article","mainEntityOfPage":"https:\/\/www.tevacz.cz\/radsi-dobroty-nez-ordinaci\/","headline":"Rad\u0161i Dobroty ne\u017e Ordinaci!","name":"Rad\u0161i Dobroty ne\u017e Ordinaci!","description":"J\u00e1 v\u00edm, \u017ee mnoz\u00ed z\u00a0v\u00e1s Ordinaci a podobn\u00e9 seri\u00e1ly miluj\u00ed, pros\u00edm neukamenujte m\u011b! Ani j\u00e1 nejsem proti seri\u00e1l\u016fm imunn\u00ed. Ale p\u0159eci jenom se rad\u0161i pod\u00edv\u00e1m na n\u011bco, co m\u011b rozesm\u011bje, p\u0159\u00edjemn\u011b nalad\u00ed a po n\u011bjak\u00e9 dob\u011b to prost\u011b skon\u010d\u00ed, ani\u017e by m\u011b to nechalo na pochyb\u00e1ch, \u017ee to je opravdu konec. \u017d\u00e1dn\u00e9 pokra\u010dov\u00e1n\u00ed p\u0159\u00ed\u0161t\u011b, nekone\u010dn\u00e9 [&hellip;]","datePublished":"2023-04-28","dateModified":"2023-04-28","author":{"@type":"Person","@id":"https:\/\/www.tevacz.cz\/author\/#Person","name":"tevacz.cz\n","url":"https:\/\/www.tevacz.cz\/author\/","identifier":1,"image":{"@type":"ImageObject","@id":"https:\/\/secure.gravatar.com\/avatar\/9cae764794acc12213aa530e21558ed2bd96c03f91e0c3ad21cc1905765be658?s=96&d=mm&r=g","url":"https:\/\/secure.gravatar.com\/avatar\/9cae764794acc12213aa530e21558ed2bd96c03f91e0c3ad21cc1905765be658?s=96&d=mm&r=g","height":96,"width":96}},"publisher":{"@type":"Organization","name":"tevacz.cz","logo":{"@type":"ImageObject","@id":"\/logo.png","url":"\/logo.png","width":600,"height":60}},"url":"https:\/\/www.tevacz.cz\/radsi-dobroty-nez-ordinaci\/","about":["Z\u00e1bava"],"wordCount":538,"articleBody":"J\u00e1 v\u00edm, \u017ee mnoz\u00ed z\u00a0v\u00e1s Ordinaci a podobn\u00e9 seri\u00e1ly miluj\u00ed, pros\u00edm neukamenujte m\u011b! Ani j\u00e1 nejsem proti seri\u00e1l\u016fm imunn\u00ed. Ale p\u0159eci jenom se rad\u0161i pod\u00edv\u00e1m na n\u011bco, co m\u011b rozesm\u011bje, p\u0159\u00edjemn\u011b nalad\u00ed a po n\u011bjak\u00e9 dob\u011b to prost\u011b skon\u010d\u00ed, ani\u017e by m\u011b to nechalo na pochyb\u00e1ch, \u017ee to je opravdu konec. \u017d\u00e1dn\u00e9 pokra\u010dov\u00e1n\u00ed p\u0159\u00ed\u0161t\u011b, nekone\u010dn\u00e9 s\u00e9rie, p\u0159\u00edb\u011bhy, kter\u00e9 sledujeme roky. Prost\u011b p\u00e1rkr\u00e1t do t\u00fddne n\u011bjak\u00fdch 50min. z\u00e1bavy a konec.V\u00edte, co si tak n\u011bjak pamatuji z\u00a0d\u0159\u00edv\u011bj\u0161ka, tak kdy\u017e u\u017e \u010dlov\u011bk p\u0159i\u0161el dom\u016f a posadil se k\u00a0televizi, byl \u0161\u0165astn\u00fd, \u017ee m\u016f\u017ee na chv\u00edli vypnout a zasm\u00e1t se. Ano d\u00e1vali i n\u011bjak\u00e9 seri\u00e1ly, jako je Komisa\u0159 Rex a p\u00e1r dal\u0161\u00edch, ale nebylo jich tolik a kdy\u017e, tak je d\u00e1vali sp\u00ed\u0161 p\u0159es den. Ve\u010der b\u00fdvalo na co koukat, i kdy\u017e jsme m\u011bli jen p\u00e1r televizn\u00edch stanic.Dnes budou lid\u00e9 rad\u0161i sledovat ciz\u00ed ne\u0161t\u011bst\u00ed a skand\u00e1ly (Soudkyn\u011b Barbara, Nebezpe\u010dn\u00e9 vztahy, V\u00fdm\u011bna man\u017eelek, Vyvolen\u00ed \u2013 v\u00edm, \u017ee je to u\u017e star\u0161\u00ed, ale st\u00e1le dobr\u00fd p\u0159\u00edklad, atd.). D\u0159\u00edve dost\u00e1vali prostor dob\u0159\u00ed komici. Dnes n\u00e1s v\u00edce bav\u00ed nep\u0159\u00edze\u0148 osudu.Mo\u017en\u00e1 je to t\u00edm, \u017ee d\u0159\u00edve lid\u00e9 nem\u011bli tolik starost\u00ed. Je to celkem paradox, kdy\u017e si vezmeme, \u017ee doba pokro\u010dila, lidstvo je d\u00e1l a m\u011blo by na tom b\u00fdt \u00fadajn\u011b l\u00e9pe \u2013 ale to bude n\u00e1mi samotn\u00fdmi, lid\u00e9 si zkomplikuj\u00ed v\u017edycky v\u0161echno. Nebo mo\u017en\u00e1 byly ty starosti jen trochu jin\u00e9 ne\u017e dnes\u2026Vlastn\u011b by m\u011b to jen tak ani nenapadlo, ale kdy\u017e u\u017e m\u00e1me ten Sm\u00edchov\u2026 \u010dasto proch\u00e1z\u00edm kolem, kdy\u017e n\u011bkdo z\u00a0rodiny sleduje star\u00e9 d\u00edly Dobrot, Country estr\u00e1dy a podobn\u00fdch po\u0159ad\u016f a prakticky nikdy neodol\u00e1m a zaseknu se u toho po\u0159adu taky. M\u016f\u017eeme se potrhat sm\u00edchy, co na tom, \u017ee jsme to kdysi d\u00e1vno u\u017e vid\u011bli? A tak zji\u0161\u0165uji, \u017ee mi takov\u00e9 po\u0159ady opravdu chyb\u00ed. Ano r\u016fzn\u00e9 talkshow a sout\u011b\u017ee, kter\u00e9 tyto po\u0159ady nahradily, jsou tak\u00e9 dobr\u00e9, ale prost\u011b u\u017e to nen\u00ed ono. Ka\u017ed\u00fd ten po\u0159ad se zam\u011b\u0159uje na n\u011bco, kde\u017eto ty po\u0159ady kdysi, obs\u00e1hly mnohem v\u00edce.Dal\u0161\u00edm takov\u00fdm p\u0159\u00edkladem jsou silvestrovsk\u00e9 po\u0159ady. Kdysi nebylo tak hrozn\u00e9 z\u016fstat na Silvestr doma. Samoz\u0159ejm\u011b, nebyla to ide\u00e1ln\u00ed situace, ale dalo s\u00a0to sn\u00e1\u0161et, proto\u017ee d\u00e1vali tolik vtipn\u00fdch po\u0159ad\u016f, kter\u00fdm ty dne\u0161n\u00ed nesahaj\u00ed po kotn\u00edky. Je pravda, \u017ee u\u017e jsem p\u00e1r let Silvestr u televize nestr\u00e1vila, ale ten posledn\u00ed byl snesiteln\u00fd jen d\u00edky tomu, \u017ee na n\u011bkter\u00fdch stanic\u00edch d\u00e1vali z\u00e1znamy z\u00a0p\u0159edchoz\u00edch let.Nezd\u00e1 se v\u00e1m to pon\u011bkud smutn\u00e9, vzhledem k\u00a0tomu, \u017ee jde lidstvo st\u00e1le kup\u0159edu?                                                                                                                                                                                                                                                                                                                                                                                        4.7\/5 - (6 votes)        "},{"@context":"https:\/\/schema.org\/","@type":"BreadcrumbList","itemListElement":[{"@type":"ListItem","position":1,"name":"Rad\u0161i Dobroty ne\u017e Ordinaci!","item":"https:\/\/www.tevacz.cz\/radsi-dobroty-nez-ordinaci\/#breadcrumbitem"}]}]