[{"@context":"https:\/\/schema.org\/","@type":"Article","@id":"https:\/\/www.tevacz.cz\/proc-vyrazit-na-dovolenou-na-moravu\/#Article","mainEntityOfPage":"https:\/\/www.tevacz.cz\/proc-vyrazit-na-dovolenou-na-moravu\/","headline":"Pro\u010d vyrazit na dovolenou na Moravu","name":"Pro\u010d vyrazit na dovolenou na Moravu","description":"\u010cesk\u00e1 republika skr\u00fdv\u00e1 mnoho m\u00edst, kter\u00e9 jste, p\u0159esto\u017ee jste rodil\u00ed \u010ce\u0161i, pravd\u011bpodobn\u011b dosud neobjevili. Rozhodn\u011b to nen\u00ed nic neobvykl\u00e9ho a rozhodn\u011b je to \u0161koda. \u010cechy, Morava a Slezsko toho maj\u00ed toti\u017e spoustu co nab\u00eddnout. V\u00edme to v\u0161ichni a ze sv\u00e9 ulity m\u00e1lokdy vylezeme. Prozkoum\u00e1vat nejr\u016fzn\u011bj\u0161\u00ed kouty republiky m\u016f\u017ee b\u00fdt l\u00e1kav\u00fdm kon\u00ed\u010dkem. Prozkoumat celou Moravu sice [&hellip;]","datePublished":"2019-09-17","dateModified":"2023-04-28","author":{"@type":"Person","@id":"https:\/\/www.tevacz.cz\/author\/#Person","name":"tevacz.cz\n","url":"https:\/\/www.tevacz.cz\/author\/","identifier":1,"image":{"@type":"ImageObject","@id":"https:\/\/secure.gravatar.com\/avatar\/9cae764794acc12213aa530e21558ed2bd96c03f91e0c3ad21cc1905765be658?s=96&d=mm&r=g","url":"https:\/\/secure.gravatar.com\/avatar\/9cae764794acc12213aa530e21558ed2bd96c03f91e0c3ad21cc1905765be658?s=96&d=mm&r=g","height":96,"width":96}},"publisher":{"@type":"Organization","name":"tevacz.cz","logo":{"@type":"ImageObject","@id":"\/logo.png","url":"\/logo.png","width":600,"height":60}},"image":{"@type":"ImageObject","@id":"https:\/\/www.tevacz.cz\/wp-content\/uploads\/img_a364149_w1926_t1576767376.jpg","url":"https:\/\/www.tevacz.cz\/wp-content\/uploads\/img_a364149_w1926_t1576767376.jpg","height":0,"width":0},"url":"https:\/\/www.tevacz.cz\/proc-vyrazit-na-dovolenou-na-moravu\/","video":{"@context":"http:\/\/schema.org\/","@type":"VideoObject","@id":"https:\/\/www.youtube.com\/watch?v=-EwG-ufWn3M#VideoObject","contentUrl":"https:\/\/www.youtube.com\/watch?v=-EwG-ufWn3M","name":"Svatomartinsk\u00fd Mikulov 2019: Bohat\u00fd desetidenn\u00ed program zaujal v\u0161echny v\u011bkov\u00e9 kategorie","description":"Na Svatomartinsk\u00fdch v\u00ednech jsme si letos mohli pochutnat u\u017e od druh\u00e9ho listopadov\u00e9ho p\u00e1tku, tedy o cel\u00e9 3 dny d\u0159\u00edve oproti ofici\u00e1ln\u00edmu term\u00ednu. V\u00fdjimku vyu\u017eili tak\u00e9 v Mikulov\u011b, kde po\u0159adatel\u00e9 p\u0159ipravili nabit\u00fd desetidenn\u00ed program, kter\u00fd zaujal v\u0161echny v\u011bkov\u00e9 kategorie.","thumbnailUrl":["https:\/\/i.ytimg.com\/vi\/-EwG-ufWn3M\/default.jpg","https:\/\/i.ytimg.com\/vi\/-EwG-ufWn3M\/mqdefault.jpg","https:\/\/i.ytimg.com\/vi\/-EwG-ufWn3M\/hqdefault.jpg","https:\/\/i.ytimg.com\/vi\/-EwG-ufWn3M\/sddefault.jpg","https:\/\/i.ytimg.com\/vi\/-EwG-ufWn3M\/maxresdefault.jpg"],"uploadDate":"2019-11-12T11:00:14+00:00","duration":"PT4M56S","embedUrl":"https:\/\/www.youtube.com\/embed\/-EwG-ufWn3M","publisher":{"@type":"Organization","@id":"https:\/\/www.youtube.com\/channel\/UCDpBrhuZfRpktgKw4ZaIkyA#Organization","url":"https:\/\/www.youtube.com\/channel\/UCDpBrhuZfRpktgKw4ZaIkyA","name":"RTVJ","description":"Kdo jsme:\n\nVa\u0161e region\u00e1ln\u00ed televize:\n\n\u2013          informace z na\u0161eho kraje\n\n\u2013          aktu\u00e1ln\u00ed zpravodajstv\u00ed \u2013 report\u00e1\u017ee \u2013 dokumenty \u2013 profily osobnost\u00ed\n\n\u2013          p\u0159ehled akc\u00ed\n\n\u2013          informa\u010dn\u00ed port\u00e1l pro m\u00edstn\u00ed i turisty\n\nO co n\u00e1m jde?\n\nChceme v\u00e1s informovat hlavn\u011b o tom, co se d\u011bje ve va\u0161em bezprost\u0159edn\u00edm okol\u00ed \u2013 o tom, co v celoplo\u0161n\u00e9 televizi neuvid\u00edte. Aktu\u00e1ln\u00ed zpravodajstv\u00ed, report\u00e1\u017ee nebo dokumenty p\u0159\u00edmo z va\u0161\u00ed obce nebo od bl\u00edzk\u00fdch soused\u016f. Pravideln\u011b tak\u00e9 budeme dopl\u0148ovat p\u0159ehled v\u0161ech akc\u00ed z na\u0161eho kraje, v\u010detn\u011b podrobn\u00e9ho popisu.","logo":{"url":"https:\/\/yt3.ggpht.com\/ytc\/AIdro_lMp6k5jBRWirt0orwJABjKkNkOlD88WV31rKdZefIFV30=s800-c-k-c0x00ffffff-no-rj","width":800,"height":800,"@type":"ImageObject","@id":"https:\/\/www.youtube.com\/watch?v=-EwG-ufWn3M#VideoObject_publisher_logo_ImageObject"}},"potentialAction":{"@type":"SeekToAction","@id":"https:\/\/www.youtube.com\/watch?v=-EwG-ufWn3M#VideoObject_potentialAction","target":"https:\/\/www.youtube.com\/watch?v=-EwG-ufWn3M&t={seek_to_second_number}","startOffset-input":"required name=seek_to_second_number"},"interactionStatistic":[[{"@type":"InteractionCounter","@id":"https:\/\/www.youtube.com\/watch?v=-EwG-ufWn3M#VideoObject_interactionStatistic_WatchAction","interactionType":{"@type":"WatchAction"},"userInteractionCount":817}],{"@type":"InteractionCounter","@id":"https:\/\/www.youtube.com\/watch?v=-EwG-ufWn3M#VideoObject_interactionStatistic_LikeAction","interactionType":{"@type":"LikeAction"},"userInteractionCount":4}]},"about":["Dovolen\u00e1"],"wordCount":392,"articleBody":"      \u010cesk\u00e1 republika skr\u00fdv\u00e1 mnoho m\u00edst, kter\u00e9 jste, p\u0159esto\u017ee jste rodil\u00ed \u010ce\u0161i, pravd\u011bpodobn\u011b dosud neobjevili. Rozhodn\u011b to nen\u00ed nic neobvykl\u00e9ho a rozhodn\u011b je to \u0161koda. \u010cechy, Morava a Slezsko toho maj\u00ed toti\u017e spoustu co nab\u00eddnout. V\u00edme to v\u0161ichni a ze sv\u00e9 ulity m\u00e1lokdy vylezeme. Prozkoum\u00e1vat nejr\u016fzn\u011bj\u0161\u00ed kouty republiky m\u016f\u017ee b\u00fdt l\u00e1kav\u00fdm kon\u00ed\u010dkem. Prozkoumat celou Moravu sice za jedno volno v pr\u00e1ci nestihnete, pokud si ale chcete ud\u011blat perfektn\u00ed v\u00fdlet nebo napl\u00e1novat par\u00e1dn\u00ed dovolenou za m\u00e1lo pen\u011bz, je Morava jasnou volbou.   Pozn\u00e1te kr\u00e1sy republiky, u\u017eijete si n\u00e1dhern\u00e9 p\u0159\u00edrody, pam\u00e1tek i kuchyn\u011b a t\u0159eba ochutn\u00e1te i n\u011bco z m\u00edstn\u00edch tradic. Zvl\u00e1\u0161t\u011b pak n\u00e1dhern\u00e9 je okol\u00ed Mikulova. M\u011bsto Mikulov je velice malebn\u00e9 a jeho j\u00e1dro je historick\u00e9. Jedn\u00e1 se dokonce p\u0159\u00edmo o pam\u00e1tkovou rezervaci. U\u017e to samotn\u00e9 napov\u00edd\u00e1, \u017ee ubytovat se v hotelu v Mikulov\u011b mus\u00ed b\u00fdt kr\u00e1sn\u00fdm z\u00e1\u017eitkem samo o sob\u011b. Ubytov\u00e1n\u00ed v Mikulov\u011b je skv\u011bl\u00fd n\u00e1pad, je tu toti\u017e mnoho pam\u00e1tek a spousta mo\u017enost\u00ed, jak\u00fdmi m\u016f\u017eete sv\u016fj pobyt ve m\u011bst\u011b str\u00e1vit. Nav\u0161t\u00edvit m\u016f\u017eete krom\u011b kr\u00e1sn\u00fdch kapl\u00ed a kostel\u016f tak\u00e9 t\u0159eba \u017didovskou \u010dtvr\u0165, synagogu i \u017didovsk\u00fd h\u0159bitov. M\u00edstn\u00ed z\u00e1mek je tak\u00e9 n\u00e1dhern\u00fd a skr\u00fdv\u00e1 mnoho zaj\u00edmav\u00fdch pov\u011bst\u00ed. Z\u00e1mek byl vystav\u011bn v barokn\u00edm stylu. Ka\u017ed\u00fd rok se na n\u011bm po\u0159\u00e1d\u00e1 tradi\u010dn\u00ed vinobran\u00ed. V z\u00e1meck\u00e9m sklepen\u00ed se pak nach\u00e1z\u00ed dal\u0161\u00ed turistick\u00e1 atrakce a m\u00edstn\u00ed zvl\u00e1\u0161tnost &#8211; Ob\u0159\u00ed sud. Jedn\u00e1 se o sklep, kter\u00fd se \u0159ad\u00ed mezi ty nejv\u011bt\u0161\u00ed v Evrop\u011b. Vedle z\u00e1mku je ke zhl\u00e9dnut\u00ed i v\u011b\u017e Koz\u00ed hr\u00e1dek. Na z\u00e1mku bydleli Lichten\u0161tejnov\u00e9, Kereczenyiov\u00e9 a Ditrich\u0161tejnov\u00e9. Kereczenyiov\u00e9 pat\u0159ili mezi uherskou \u0161lechtu a panuje o nich mnoho zaj\u00edmav\u00fdch, n\u011bkdy i skoro a\u017e hroziv\u00fdch historek. A\u0165 u\u017e se rozhodnete zam\u00ed\u0159it na sv\u00e9 n\u00e1v\u0161t\u011bv\u011b kamkoli, m\u011bsto Mikulov V\u00e1s rozhodn\u011b nezklame. Je to malebn\u00e9 moravsk\u00e9 m\u011bste\u010dko, ve kter\u00e9m si jistojist\u011b u\u017eijete spoustu z\u00e1bavy.                                                                                                                                                                                                                                                                                                                                                                                         4\/5 - (5 votes)        "},{"@context":"https:\/\/schema.org\/","@type":"BreadcrumbList","itemListElement":[{"@type":"ListItem","position":1,"name":"Pro\u010d vyrazit na dovolenou na Moravu","item":"https:\/\/www.tevacz.cz\/proc-vyrazit-na-dovolenou-na-moravu\/#breadcrumbitem"}]}]