[{"@context":"https:\/\/schema.org\/","@type":"Article","@id":"https:\/\/www.tevacz.cz\/pro-krasu-i-pohodli\/#Article","mainEntityOfPage":"https:\/\/www.tevacz.cz\/pro-krasu-i-pohodli\/","headline":"Pro kr\u00e1su i pohodl\u00ed","name":"Pro kr\u00e1su i pohodl\u00ed","description":"Na cest\u00e1ch je samoz\u0159ejm\u011b nejd\u016fle\u017eit\u011bj\u0161\u00ed bezpe\u010dnost. Konstrukt\u00e9\u0159i se p\u0159edh\u00e1n\u011bj\u00ed, nov\u00e1 vylep\u0161en\u00ed p\u0159ich\u00e1zej\u00ed s ka\u017ed\u00fdm dal\u0161\u00edm modelem. Ale nov\u00fd au\u0165\u00e1k si \u010dlov\u011bk nepo\u0159izuje ka\u017ed\u00fd rok. I ty, co u\u017e trochu zest\u00e1rly, je mo\u017en\u00e9 vylep\u0161it tak, aby nab\u00edzely mnohem v\u011bt\u0161\u00ed komfort a bezpe\u010d\u00ed b\u011bhem j\u00edzdy. T\u00f3nov\u00e1n\u00ed prosklen\u00fdch \u010d\u00e1st\u00ed vozidel nen\u00ed jenom m\u00f3da, kter\u00e1 zaj\u00edmav\u00fdm zp\u016fsobem m\u011bn\u00ed jejich [&hellip;]","datePublished":"2023-08-19","dateModified":"2023-08-19","author":{"@type":"Person","@id":"https:\/\/www.tevacz.cz\/author\/#Person","name":"tevacz.cz\n","url":"https:\/\/www.tevacz.cz\/author\/","identifier":1,"image":{"@type":"ImageObject","@id":"https:\/\/secure.gravatar.com\/avatar\/9cae764794acc12213aa530e21558ed2bd96c03f91e0c3ad21cc1905765be658?s=96&d=mm&r=g","url":"https:\/\/secure.gravatar.com\/avatar\/9cae764794acc12213aa530e21558ed2bd96c03f91e0c3ad21cc1905765be658?s=96&d=mm&r=g","height":96,"width":96}},"publisher":{"@type":"Organization","name":"tevacz.cz","logo":{"@type":"ImageObject","@id":"\/logo.png","url":"\/logo.png","width":600,"height":60}},"url":"https:\/\/www.tevacz.cz\/pro-krasu-i-pohodli\/","wordCount":255,"articleBody":"Na cest\u00e1ch je samoz\u0159ejm\u011b nejd\u016fle\u017eit\u011bj\u0161\u00ed bezpe\u010dnost. Konstrukt\u00e9\u0159i se p\u0159edh\u00e1n\u011bj\u00ed, nov\u00e1 vylep\u0161en\u00ed p\u0159ich\u00e1zej\u00ed s ka\u017ed\u00fdm dal\u0161\u00edm modelem. Ale nov\u00fd au\u0165\u00e1k si \u010dlov\u011bk nepo\u0159izuje ka\u017ed\u00fd rok. I ty, co u\u017e trochu zest\u00e1rly, je mo\u017en\u00e9 vylep\u0161it tak, aby nab\u00edzely mnohem v\u011bt\u0161\u00ed komfort a bezpe\u010d\u00ed b\u011bhem j\u00edzdy. T\u00f3nov\u00e1n\u00ed prosklen\u00fdch \u010d\u00e1st\u00ed vozidel nen\u00ed jenom m\u00f3da, kter\u00e1 zaj\u00edmav\u00fdm zp\u016fsobem m\u011bn\u00ed jejich vzhled. Je to sou\u010dasn\u011b i velmi d\u016fle\u017eit\u00fd ochrann\u00fd a bezpe\u010dnostn\u00ed prvek. Auto f\u00f3lie Brno je nab\u00eddka slu\u017eby, kter\u00e1 se pr\u00e1v\u011b na tuto problematiku specializuje.Renovacar m\u00e1 dobr\u00fd zvukM\u00edt v\u016fz v po\u0159\u00e1dku a vyrazit na silnici pouze v p\u0159\u00edpad\u011b, \u017ee tomu tak je, je z\u00e1konem dan\u00e1 povinnost. Ka\u017ed\u00fd \u0159idi\u010d by si m\u011bl b\u00fdt v\u011bdom toho, \u017ee jak\u00e9koli pochyben\u00ed m\u016f\u017ee m\u00ed doslova katastrof\u00e1ln\u00ed n\u00e1sledky. K bezpe\u010dnosti na cest\u00e1ch i k mnohem lep\u0161\u00edmu klima uvnit\u0159 vozu m\u016f\u017eou p\u0159isp\u011bt i zd\u00e1nliv\u00e9 mali\u010dkosti. Pat\u0159\u00ed k nim i zatmaven\u00ed prosklen\u00fdch ploch. Ty maj\u00ed efekt zkr\u00e1\u0161luj\u00edc\u00ed a jsou sou\u010dasn\u011b d\u016fle\u017eit\u00fdm prvkem ochrany a bezpe\u010dnosti. Popt\u00e1vka na auto f\u00f3lie Brno v\u00e1s zavede mezi skute\u010dn\u00e9 machry, kte\u0159\u00ed zvl\u00e1dnou ka\u017ed\u00fd \u00fakol na jedni\u010dku. Najdete je ve firm\u011b Renovacar.                                                                                                                                                                                                                                                                                                                                                                                        3.4\/5 - (8 votes)        "},{"@context":"https:\/\/schema.org\/","@type":"BreadcrumbList","itemListElement":[{"@type":"ListItem","position":1,"name":"Pro kr\u00e1su i pohodl\u00ed","item":"https:\/\/www.tevacz.cz\/pro-krasu-i-pohodli\/#breadcrumbitem"}]}]