[{"@context":"https:\/\/schema.org\/","@type":"Article","@id":"https:\/\/www.tevacz.cz\/mikado-je-in-strih\/#Article","mainEntityOfPage":"https:\/\/www.tevacz.cz\/mikado-je-in-strih\/","headline":"Mik\u00e1do je in st\u0159ih","name":"Mik\u00e1do je in st\u0159ih","description":"Mik\u00e1do je in nap\u0159\u00edklad v platinov\u00e9 variant\u011b s ofinou.\u00a0 Zkuste se inspirovat t\u00edmto nad\u010dasov\u00fdm st\u0159ihem vlas\u016f. To, co na mik\u00e1du, neboli bobu nejv\u00edce milujeme je jeho naprost\u00e1 nad\u010dasovost a snadn\u00e1 \u00fadr\u017eba. U mik\u00e1da nen\u00ed t\u0159eba se v\u017edy dr\u017eet pouze jedin\u00e9ho st\u0159ihu, anebo d\u00e9lky. Kdykoliv si m\u016f\u017eeme vybrat tu spr\u00e1vnou variantu mik\u00e1da p\u0159\u00edmo pro n\u00e1s. Jeho [&hellip;]","datePublished":"2025-03-01","dateModified":"2023-04-28","author":{"@type":"Person","@id":"https:\/\/www.tevacz.cz\/author\/#Person","name":"tevacz.cz\n","url":"https:\/\/www.tevacz.cz\/author\/","identifier":1,"image":{"@type":"ImageObject","@id":"https:\/\/secure.gravatar.com\/avatar\/9cae764794acc12213aa530e21558ed2bd96c03f91e0c3ad21cc1905765be658?s=96&d=mm&r=g","url":"https:\/\/secure.gravatar.com\/avatar\/9cae764794acc12213aa530e21558ed2bd96c03f91e0c3ad21cc1905765be658?s=96&d=mm&r=g","height":96,"width":96}},"publisher":{"@type":"Organization","name":"tevacz.cz","logo":{"@type":"ImageObject","@id":"\/logo.png","url":"\/logo.png","width":600,"height":60}},"image":{"@type":"ImageObject","@id":"https:\/\/www.tevacz.cz\/wp-content\/uploads\/img_a296110_w1926_t1507359339.jpg","url":"https:\/\/www.tevacz.cz\/wp-content\/uploads\/img_a296110_w1926_t1507359339.jpg","height":0,"width":0},"url":"https:\/\/www.tevacz.cz\/mikado-je-in-strih\/","about":["\u017deny"],"wordCount":404,"articleBody":"Mik\u00e1do je in nap\u0159\u00edklad v platinov\u00e9 variant\u011b s ofinou.\u00a0 Zkuste se inspirovat t\u00edmto nad\u010dasov\u00fdm st\u0159ihem vlas\u016f. To, co na mik\u00e1du, neboli bobu nejv\u00edce milujeme je jeho naprost\u00e1 nad\u010dasovost a snadn\u00e1 \u00fadr\u017eba. U mik\u00e1da nen\u00ed t\u0159eba se v\u017edy dr\u017eet pouze jedin\u00e9ho st\u0159ihu, anebo d\u00e9lky. Kdykoliv si m\u016f\u017eeme vybrat tu spr\u00e1vnou variantu mik\u00e1da p\u0159\u00edmo pro n\u00e1s. Jeho del\u0161\u00ed varianta se vol\u00ed v p\u0159\u00edpad\u011b, kdy\u017e chceme nap\u0159\u00edklad zkr\u00e1tit dlouh\u00e9 vlasy, a p\u0159itom si chcete ponechat p\u0159eci jen n\u011bco z dlouh\u00e9 h\u0159\u00edvy.\tDlouh\u00e9 mik\u00e1doV t\u00e9to variant\u011b bobu je ide\u00e1ln\u00ed st\u0159ih vlas\u016f lehce pod ramena. Del\u0161\u00ed mik\u00e1do vypad\u00e1 \u00fa\u017easn\u011b jak v rovn\u00e9m st\u0159ihu, tak i ve st\u0159ihu m\u00edrn\u011b do podkovy, kdy se ponech\u00e1vaj\u00ed del\u0161\u00ed prameny vp\u0159edu. Tento st\u0159ih vlas\u016f je n\u00e1dhern\u00fd tak\u00e9 nap\u0159\u00edklad:\u00b7\u00a0\u00a0\u00a0\u00a0\u00a0\u00a0\u00a0\u00a0 s ofinou, nebo i bez ofiny\u00b7\u00a0\u00a0\u00a0\u00a0\u00a0\u00a0\u00a0\u00a0 vy\u017eehlen\u00fd do hladka\u00b7\u00a0\u00a0\u00a0\u00a0\u00a0\u00a0\u00a0\u00a0 le\u017e\u00e9rn\u011b a ro\u0161\u0165\u00e1ky zvln\u011bn\u00fd\u00b7\u00a0\u00a0\u00a0\u00a0\u00a0\u00a0\u00a0\u00a0 s nedbal\u00fdmi vlnami\u00b7\u00a0\u00a0\u00a0\u00a0\u00a0\u00a0\u00a0\u00a0 s ofinou uprost\u0159ed m\u00edrn\u011b rozd\u011blenou\tHladk\u00e9 mik\u00e1doTato \u00faprava mik\u00e1da vy\u017eaduje v\u00edce sebev\u011bdom\u00ed, nebo\u0165 t\u00edmto st\u0159ihem p\u0159it\u00e1hneme pozornost na svoji tv\u00e1\u0159. Skv\u011ble bude takov\u00e9 mik\u00e1do vypadat zejm\u00e9na s kr\u00e1tkou a \u0161irokou ofinou. S t\u00edmto st\u0159ihem potom nejv\u00edce lad\u00ed syt\u00e9 odst\u00edny barev.\u00d8\u00a0 Dal\u0161\u00ed variantou tohoto mik\u00e1da jsou vlasy s\u010desan\u00e9 dozadu. Tato \u00faprava je ide\u00e1ln\u00ed pro d\u00e9lku vlas\u016f na ramena.\tRozcuchan\u00e9 mik\u00e1doLe\u017e\u00e9rn\u00ed mik\u00e1do je pro v\u0161echny \u017eeny, kter\u00e9 d\u00e1vaj\u00ed p\u0159ednost neuhlazen\u00fdm kontur\u00e1m. Pokud m\u00e1te r\u00e1dy naoko nedbal\u00e9 st\u0159ihy vlas\u016f, kter\u00e9 vypadaj\u00ed, \u017ee jste je pouze prohr\u00e1bly prsty, je pro v\u00e1s toto mik\u00e1do jako stvo\u0159en\u00e9. K tomuto mik\u00e1du perfektn\u011b vypad\u00e1 ofina.\tCul\u00edk a drdolJestli\u017ee se v\u00e1m bob l\u00edb\u00ed, ale nechcete se vzd\u00e1vat sv\u00fdch dlouh\u00fdch vlas\u016f, je nejvhodn\u011bj\u0161\u00ed volbou d\u00e9lka vlas\u016f t\u011bst\u011b pod ramena, kter\u00e1 v\u00e1m umo\u017en\u00ed s va\u0161imi vlasy d\u00e1l vytv\u00e1\u0159et nejr\u016fzn\u011bj\u0161\u00ed varianty. Nosit potom m\u016f\u017eete mal\u00fd drd\u016flek, \u010di polovi\u010dn\u00ed cul\u00edk. Vykukuj\u00edc\u00ed prameny p\u0159itom nechte rozhodn\u011b spl\u00fdvat, anebo je p\u0159ipevn\u011bte drobn\u00fdmi vl\u00e1senkami.                                                                                                                                                                                                                                                                                                                                                                                        4.5\/5 - (4 votes)        "},{"@context":"https:\/\/schema.org\/","@type":"BreadcrumbList","itemListElement":[{"@type":"ListItem","position":1,"name":"Mik\u00e1do je in st\u0159ih","item":"https:\/\/www.tevacz.cz\/mikado-je-in-strih\/#breadcrumbitem"}]}]