[{"@context":"https:\/\/schema.org\/","@type":"Article","@id":"https:\/\/www.tevacz.cz\/letni-vylety-pro-deti\/#Article","mainEntityOfPage":"https:\/\/www.tevacz.cz\/letni-vylety-pro-deti\/","headline":"Letn\u00ed v\u00fdlety pro d\u011bti","name":"Letn\u00ed v\u00fdlety pro d\u011bti","description":"L\u00e9to je jako stvo\u0159en\u00e9 k\u00a0tomu, tr\u00e1vit co nejv\u00edce \u010dasu v\u00a0p\u0159\u00edrod\u011b. Sna\u017ete se tr\u00e1vit co nejm\u00e9n\u011b \u010dasu v\u00a0uzav\u0159en\u00fdch m\u00edstnostech a jd\u011bte t\u0159eba do lesa. v\u00a0tomto \u010dl\u00e1nku v\u00e1m nab\u00eddneme n\u011bkolik m\u00edst, kter\u00e1 stoj\u00ed za n\u00e1v\u0161t\u011bvu s\u00a0d\u011btmi a nach\u00e1zej\u00ed se v\u00a0kr\u00e1sn\u00e9 p\u0159\u00edrod\u011b. Stezky v\u00a0oblac\u00edch Stezky v\u00a0oblac\u00edch a korunami strom\u016f jsou v\u00a0sou\u010dasn\u00e9 dob\u011b velk\u00fdm hitem. Nach\u00e1z\u00ed se v\u011bt\u0161inou na [&hellip;]","datePublished":"2019-06-15","dateModified":"2023-04-28","author":{"@type":"Person","@id":"https:\/\/www.tevacz.cz\/author\/#Person","name":"tevacz.cz\n","url":"https:\/\/www.tevacz.cz\/author\/","identifier":1,"image":{"@type":"ImageObject","@id":"https:\/\/secure.gravatar.com\/avatar\/9cae764794acc12213aa530e21558ed2bd96c03f91e0c3ad21cc1905765be658?s=96&d=mm&r=g","url":"https:\/\/secure.gravatar.com\/avatar\/9cae764794acc12213aa530e21558ed2bd96c03f91e0c3ad21cc1905765be658?s=96&d=mm&r=g","height":96,"width":96}},"publisher":{"@type":"Organization","name":"tevacz.cz","logo":{"@type":"ImageObject","@id":"\/logo.png","url":"\/logo.png","width":600,"height":60}},"image":{"@type":"ImageObject","@id":"https:\/\/www.tevacz.cz\/wp-content\/uploads\/img_a347119_w1926_t1561282527.jpg","url":"https:\/\/www.tevacz.cz\/wp-content\/uploads\/img_a347119_w1926_t1561282527.jpg","height":0,"width":0},"url":"https:\/\/www.tevacz.cz\/letni-vylety-pro-deti\/","about":["D\u011bti"],"wordCount":429,"articleBody":"L\u00e9to je jako stvo\u0159en\u00e9 k\u00a0tomu, tr\u00e1vit co nejv\u00edce \u010dasu v\u00a0p\u0159\u00edrod\u011b. Sna\u017ete se tr\u00e1vit co nejm\u00e9n\u011b \u010dasu v\u00a0uzav\u0159en\u00fdch m\u00edstnostech a jd\u011bte t\u0159eba do lesa. v\u00a0tomto \u010dl\u00e1nku v\u00e1m nab\u00eddneme n\u011bkolik m\u00edst, kter\u00e1 stoj\u00ed za n\u00e1v\u0161t\u011bvu s\u00a0d\u011btmi a nach\u00e1zej\u00ed se v\u00a0kr\u00e1sn\u00e9 p\u0159\u00edrod\u011b.Stezky v\u00a0oblac\u00edch Stezky v\u00a0oblac\u00edch a korunami strom\u016f jsou v\u00a0sou\u010dasn\u00e9 dob\u011b velk\u00fdm hitem. Nach\u00e1z\u00ed se v\u011bt\u0161inou na kopci, kde je vyhl\u00eddka a tu je\u0161t\u011b roz\u0161i\u0159uj\u00ed. Stezky v\u00a0oblac\u00edch jsou vlastn\u011b takov\u00e9 slo\u017eit\u011bj\u0161\u00ed rozhledny na velk\u00fdch kopc\u00edch. Jednu najdete t\u0159eba na Doln\u00ed Morav\u011b, kde je otev\u0159ena od roku 2015. Stezky korunami strom\u016f jsou trochu \u0161etrn\u011bj\u0161\u00ed p\u0159\u00edrodn\u00edmu panoramatu, proto\u017ee jsou \u010d\u00e1ste\u010dn\u011b schovan\u00e9 pr\u00e1v\u011b mezi stromy a chod\u00edte po dlouh\u00fdch chodn\u00edc\u00edch.Prad\u011bdova galerie V\u00a0Ji\u0159\u00edkov\u011b u R\u00fdma\u0159ova naleznete n\u00e1dhernou vnit\u0159n\u00ed i venkovn\u00ed galerii plnou d\u0159ev\u011bn\u00fdch soch, kter\u00e9 vy\u0159ez\u00e1v\u00e1 s\u00e1m majitel galerie. Naleznete zde v\u0161echny mo\u017en\u00e1 zv\u00ed\u0159ata ale tak\u00e9 osoby, d\u011btsk\u00e9 koloto\u010de, prol\u00e9za\u010dky, obrovsk\u00e9ho draka a dal\u0161\u00ed zaj\u00edmavosti. K\u00a0vid\u011bn\u00ed jsou i betl\u00e9my. Expozice je jak vnit\u0159n\u00ed, tak vn\u011bj\u0161\u00ed. V\u0161echno se nav\u00edc nach\u00e1z\u00ed v\u00a0kr\u00e1sn\u00e9 p\u0159\u00edrod\u011b v\u00a0podh\u016f\u0159\u00ed Jesen\u00edk\u016f, ostatn\u011b i s\u00e1m Prad\u011bd m\u00e1 zde sv\u00e9 ztv\u00e1rn\u011bn\u00ed.Pan\u010davsk\u00fd vodop\u00e1d v\u00a0Krkono\u0161\u00edch Nejvy\u0161\u0161\u00ed vodop\u00e1d v\u00a0\u010cesk\u00e9 republice m\u00e1 v\u00fd\u0161ku 148 metr\u016f a \u0159\u00edt\u00ed se ze sr\u00e1zu z\u00a0hrany Pan\u010davsk\u00e9 louky a\u017e na dno Labsk\u00e9ho dolu. Najdete jej v\u00a0Krkono\u0161sk\u00e9m n\u00e1rodn\u00edm parku. Jedn\u00e1 se o jeden z\u00a0nejp\u016fsobiv\u011bj\u0161\u00edch krkono\u0161sk\u00fdch vodop\u00e1d\u016f, kter\u00fd m\u00e1 \u010dty\u0159i hlavn\u00ed stupn\u011b a \u0161\u00ed\u0159ku a\u017e 8 metr\u016f (m\u011bn\u00ed se dle prot\u00e9kaj\u00edc\u00ed vody).Nau\u010dn\u00e1 stezka Beskydsk\u00e9 nebeDal\u0161\u00ed kr\u00e1sn\u00e1 stezka, kter\u00e1 se nach\u00e1z\u00ed v\u00a0Beskydech a kter\u00e1 je opravdu kr\u00e1sn\u011b ud\u011blan\u00e1. Naleznete zde jak chodn\u00edk pro bosou ch\u016fzi, spoustu informa\u010dn\u00edch panel\u016f, siluety dravc\u016f ale tak\u00e9 85 metr\u016f dlouh\u00fd chodn\u00edk, kter\u00fd je zav\u011b\u0161en\u00fd ve vzduchu a m\u00e1 tvar podkovy. Ten za\u010d\u00edn\u00e1 i kon\u010d\u00ed v\u00a0amfite\u00e1tru. Proch\u00e1z\u00edte p\u0159\u00edmo korunami strom\u016f a po cest\u011b se seznamujete s\u00a0jejich obyvateli za pomoci informa\u010dn\u00edch cedul\u00ed.                                                                                                                                                                                                                                                                                                                                                                                        3.7\/5 - (7 votes)        "},{"@context":"https:\/\/schema.org\/","@type":"BreadcrumbList","itemListElement":[{"@type":"ListItem","position":1,"name":"Letn\u00ed v\u00fdlety pro d\u011bti","item":"https:\/\/www.tevacz.cz\/letni-vylety-pro-deti\/#breadcrumbitem"}]}]