{"@context":"https:\/\/schema.org\/","@type":"CollectionPage","@id":"https:\/\/www.tevacz.cz\/domov\/#CollectionPage","headline":"Domov Category","description":"","url":"https:\/\/www.tevacz.cz\/domov\/","hasPart":[{"@type":"Article","@id":"https:\/\/www.tevacz.cz\/kde-si-postavime-bungalov\/","headline":"Kde si postav\u00edme bungalov","url":"https:\/\/www.tevacz.cz\/kde-si-postavime-bungalov\/","datePublished":"2025-07-04","dateModified":"2025-07-04","mainEntityOfPage":"https:\/\/www.tevacz.cz\/kde-si-postavime-bungalov\/","author":{"@type":"Person","@id":"https:\/\/www.tevacz.cz\/author\/#Person","name":"tevacz.cz\n","url":"https:\/\/www.tevacz.cz\/author\/","identifier":1,"image":{"@type":"ImageObject","@id":"https:\/\/secure.gravatar.com\/avatar\/9cae764794acc12213aa530e21558ed2bd96c03f91e0c3ad21cc1905765be658?s=96&d=mm&r=g","url":"https:\/\/secure.gravatar.com\/avatar\/9cae764794acc12213aa530e21558ed2bd96c03f91e0c3ad21cc1905765be658?s=96&d=mm&r=g","height":96,"width":96}},"publisher":{"@type":"Organization","name":"tevacz.cz","logo":{"@type":"ImageObject","@id":"\/logo.png","url":"\/logo.png","width":600,"height":60}},"image":{"@type":"ImageObject","@id":"https:\/\/www.tevacz.cz\/wp-content\/uploads\/sunset-4238445_640_8.jpg","url":"https:\/\/www.tevacz.cz\/wp-content\/uploads\/sunset-4238445_640_8.jpg","height":0,"width":0},"keywords":null},{"@type":"Article","@id":"https:\/\/www.tevacz.cz\/zarizovani-bytu-pro-seniora\/","headline":"Za\u0159izov\u00e1n\u00ed bytu pro seniora","url":"https:\/\/www.tevacz.cz\/zarizovani-bytu-pro-seniora\/","datePublished":"2025-03-01","dateModified":"2023-04-28","mainEntityOfPage":"https:\/\/www.tevacz.cz\/zarizovani-bytu-pro-seniora\/","author":{"@type":"Person","@id":"https:\/\/www.tevacz.cz\/author\/#Person","name":"tevacz.cz\n","url":"https:\/\/www.tevacz.cz\/author\/","identifier":1,"image":{"@type":"ImageObject","@id":"https:\/\/secure.gravatar.com\/avatar\/9cae764794acc12213aa530e21558ed2bd96c03f91e0c3ad21cc1905765be658?s=96&d=mm&r=g","url":"https:\/\/secure.gravatar.com\/avatar\/9cae764794acc12213aa530e21558ed2bd96c03f91e0c3ad21cc1905765be658?s=96&d=mm&r=g","height":96,"width":96}},"publisher":{"@type":"Organization","name":"tevacz.cz","logo":{"@type":"ImageObject","@id":"\/logo.png","url":"\/logo.png","width":600,"height":60}},"image":{"@type":"ImageObject","@id":"https:\/\/www.tevacz.cz\/wp-content\/uploads\/img_a288755_w1926_t1499763253.jpg","url":"https:\/\/www.tevacz.cz\/wp-content\/uploads\/img_a288755_w1926_t1499763253.jpg","height":0,"width":0},"keywords":null},{"@type":"Article","@id":"https:\/\/www.tevacz.cz\/elektrina-je-kamarad\/","headline":"Elekt\u0159ina je kamar\u00e1d","url":"https:\/\/www.tevacz.cz\/elektrina-je-kamarad\/","datePublished":"2025-02-28","dateModified":"2023-04-28","mainEntityOfPage":"https:\/\/www.tevacz.cz\/elektrina-je-kamarad\/","author":{"@type":"Person","@id":"https:\/\/www.tevacz.cz\/author\/#Person","name":"tevacz.cz\n","url":"https:\/\/www.tevacz.cz\/author\/","identifier":1,"image":{"@type":"ImageObject","@id":"https:\/\/secure.gravatar.com\/avatar\/9cae764794acc12213aa530e21558ed2bd96c03f91e0c3ad21cc1905765be658?s=96&d=mm&r=g","url":"https:\/\/secure.gravatar.com\/avatar\/9cae764794acc12213aa530e21558ed2bd96c03f91e0c3ad21cc1905765be658?s=96&d=mm&r=g","height":96,"width":96}},"publisher":{"@type":"Organization","name":"tevacz.cz","logo":{"@type":"ImageObject","@id":"\/logo.png","url":"\/logo.png","width":600,"height":60}},"image":{"@type":"ImageObject","@id":"https:\/\/www.tevacz.cz\/wp-content\/uploads\/img_a307078_w1926_t1518426490.jpg","url":"https:\/\/www.tevacz.cz\/wp-content\/uploads\/img_a307078_w1926_t1518426490.jpg","height":0,"width":0},"keywords":null},{"@type":"Article","@id":"https:\/\/www.tevacz.cz\/poridte-si-koberec\/","headline":"Po\u0159i\u010fte si koberec!","url":"https:\/\/www.tevacz.cz\/poridte-si-koberec\/","datePublished":"2023-04-28","dateModified":"2023-04-28","mainEntityOfPage":"https:\/\/www.tevacz.cz\/poridte-si-koberec\/","author":{"@type":"Person","@id":"https:\/\/www.tevacz.cz\/author\/#Person","name":"tevacz.cz\n","url":"https:\/\/www.tevacz.cz\/author\/","identifier":1,"image":{"@type":"ImageObject","@id":"https:\/\/secure.gravatar.com\/avatar\/9cae764794acc12213aa530e21558ed2bd96c03f91e0c3ad21cc1905765be658?s=96&d=mm&r=g","url":"https:\/\/secure.gravatar.com\/avatar\/9cae764794acc12213aa530e21558ed2bd96c03f91e0c3ad21cc1905765be658?s=96&d=mm&r=g","height":96,"width":96}},"publisher":{"@type":"Organization","name":"tevacz.cz","logo":{"@type":"ImageObject","@id":"\/logo.png","url":"\/logo.png","width":600,"height":60}},"image":null,"keywords":null},{"@type":"Article","@id":"https:\/\/www.tevacz.cz\/velikonoce-krestansky-svatek-i-pohanska-oslava-jara\/","headline":"Velikonoce &#8211; k\u0159es\u0165ansk\u00fd sv\u00e1tek i pohansk\u00e1 oslava jara","url":"https:\/\/www.tevacz.cz\/velikonoce-krestansky-svatek-i-pohanska-oslava-jara\/","datePublished":"2023-04-28","dateModified":"2023-04-28","mainEntityOfPage":"https:\/\/www.tevacz.cz\/velikonoce-krestansky-svatek-i-pohanska-oslava-jara\/","author":{"@type":"Person","@id":"https:\/\/www.tevacz.cz\/author\/#Person","name":"tevacz.cz\n","url":"https:\/\/www.tevacz.cz\/author\/","identifier":1,"image":{"@type":"ImageObject","@id":"https:\/\/secure.gravatar.com\/avatar\/9cae764794acc12213aa530e21558ed2bd96c03f91e0c3ad21cc1905765be658?s=96&d=mm&r=g","url":"https:\/\/secure.gravatar.com\/avatar\/9cae764794acc12213aa530e21558ed2bd96c03f91e0c3ad21cc1905765be658?s=96&d=mm&r=g","height":96,"width":96}},"publisher":{"@type":"Organization","name":"tevacz.cz","logo":{"@type":"ImageObject","@id":"\/logo.png","url":"\/logo.png","width":600,"height":60}},"image":null,"keywords":null},{"@type":"Article","@id":"https:\/\/www.tevacz.cz\/relaxace-v-koupelne\/","headline":"Relaxace v koupeln\u011b","url":"https:\/\/www.tevacz.cz\/relaxace-v-koupelne\/","datePublished":"2023-04-28","dateModified":"2023-04-28","mainEntityOfPage":"https:\/\/www.tevacz.cz\/relaxace-v-koupelne\/","author":{"@type":"Person","@id":"https:\/\/www.tevacz.cz\/author\/#Person","name":"tevacz.cz\n","url":"https:\/\/www.tevacz.cz\/author\/","identifier":1,"image":{"@type":"ImageObject","@id":"https:\/\/secure.gravatar.com\/avatar\/9cae764794acc12213aa530e21558ed2bd96c03f91e0c3ad21cc1905765be658?s=96&d=mm&r=g","url":"https:\/\/secure.gravatar.com\/avatar\/9cae764794acc12213aa530e21558ed2bd96c03f91e0c3ad21cc1905765be658?s=96&d=mm&r=g","height":96,"width":96}},"publisher":{"@type":"Organization","name":"tevacz.cz","logo":{"@type":"ImageObject","@id":"\/logo.png","url":"\/logo.png","width":600,"height":60}},"image":null,"keywords":null},{"@type":"Article","@id":"https:\/\/www.tevacz.cz\/penez-nebyva-nazbyt\/","headline":"Pen\u011bz neb\u00fdv\u00e1 nazbyt","url":"https:\/\/www.tevacz.cz\/penez-nebyva-nazbyt\/","datePublished":"2021-02-19","dateModified":"2023-04-28","mainEntityOfPage":"https:\/\/www.tevacz.cz\/penez-nebyva-nazbyt\/","author":{"@type":"Person","@id":"https:\/\/www.tevacz.cz\/author\/#Person","name":"tevacz.cz\n","url":"https:\/\/www.tevacz.cz\/author\/","identifier":1,"image":{"@type":"ImageObject","@id":"https:\/\/secure.gravatar.com\/avatar\/9cae764794acc12213aa530e21558ed2bd96c03f91e0c3ad21cc1905765be658?s=96&d=mm&r=g","url":"https:\/\/secure.gravatar.com\/avatar\/9cae764794acc12213aa530e21558ed2bd96c03f91e0c3ad21cc1905765be658?s=96&d=mm&r=g","height":96,"width":96}},"publisher":{"@type":"Organization","name":"tevacz.cz","logo":{"@type":"ImageObject","@id":"\/logo.png","url":"\/logo.png","width":600,"height":60}},"image":{"@type":"ImageObject","@id":"https:\/\/www.tevacz.cz\/wp-content\/uploads\/mince%20Ruska.jpg","url":"https:\/\/www.tevacz.cz\/wp-content\/uploads\/mince%20Ruska.jpg","height":0,"width":0},"keywords":null},{"@type":"Article","@id":"https:\/\/www.tevacz.cz\/dum-za-hubicku\/","headline":"D\u016fm za hubi\u010dku","url":"https:\/\/www.tevacz.cz\/dum-za-hubicku\/","datePublished":"2019-12-01","dateModified":"2023-04-28","mainEntityOfPage":"https:\/\/www.tevacz.cz\/dum-za-hubicku\/","author":{"@type":"Person","@id":"https:\/\/www.tevacz.cz\/author\/#Person","name":"tevacz.cz\n","url":"https:\/\/www.tevacz.cz\/author\/","identifier":1,"image":{"@type":"ImageObject","@id":"https:\/\/secure.gravatar.com\/avatar\/9cae764794acc12213aa530e21558ed2bd96c03f91e0c3ad21cc1905765be658?s=96&d=mm&r=g","url":"https:\/\/secure.gravatar.com\/avatar\/9cae764794acc12213aa530e21558ed2bd96c03f91e0c3ad21cc1905765be658?s=96&d=mm&r=g","height":96,"width":96}},"publisher":{"@type":"Organization","name":"tevacz.cz","logo":{"@type":"ImageObject","@id":"\/logo.png","url":"\/logo.png","width":600,"height":60}},"image":{"@type":"ImageObject","@id":"https:\/\/www.tevacz.cz\/wp-content\/uploads\/img_a369849_w1926_t1581832678.jpg","url":"https:\/\/www.tevacz.cz\/wp-content\/uploads\/img_a369849_w1926_t1581832678.jpg","height":0,"width":0},"keywords":null},{"@type":"Article","@id":"https:\/\/www.tevacz.cz\/zabradli-jinak\/","headline":"Z\u00e1bradl\u00ed jinak","url":"https:\/\/www.tevacz.cz\/zabradli-jinak\/","datePublished":"2019-09-18","dateModified":"2023-04-28","mainEntityOfPage":"https:\/\/www.tevacz.cz\/zabradli-jinak\/","author":{"@type":"Person","@id":"https:\/\/www.tevacz.cz\/author\/#Person","name":"tevacz.cz\n","url":"https:\/\/www.tevacz.cz\/author\/","identifier":1,"image":{"@type":"ImageObject","@id":"https:\/\/secure.gravatar.com\/avatar\/9cae764794acc12213aa530e21558ed2bd96c03f91e0c3ad21cc1905765be658?s=96&d=mm&r=g","url":"https:\/\/secure.gravatar.com\/avatar\/9cae764794acc12213aa530e21558ed2bd96c03f91e0c3ad21cc1905765be658?s=96&d=mm&r=g","height":96,"width":96}},"publisher":{"@type":"Organization","name":"tevacz.cz","logo":{"@type":"ImageObject","@id":"\/logo.png","url":"\/logo.png","width":600,"height":60}},"image":{"@type":"ImageObject","@id":"https:\/\/www.tevacz.cz\/wp-content\/uploads\/img_a365611_w1926_t1578387402.jpg","url":"https:\/\/www.tevacz.cz\/wp-content\/uploads\/img_a365611_w1926_t1578387402.jpg","height":0,"width":0},"keywords":null},{"@type":"Article","@id":"https:\/\/www.tevacz.cz\/postel-pro-mladeho-teenegera\/","headline":"Postel pro mlad\u00e9ho teenegera","url":"https:\/\/www.tevacz.cz\/postel-pro-mladeho-teenegera\/","datePublished":"2019-08-08","dateModified":"2023-04-28","mainEntityOfPage":"https:\/\/www.tevacz.cz\/postel-pro-mladeho-teenegera\/","author":{"@type":"Person","@id":"https:\/\/www.tevacz.cz\/author\/#Person","name":"tevacz.cz\n","url":"https:\/\/www.tevacz.cz\/author\/","identifier":1,"image":{"@type":"ImageObject","@id":"https:\/\/secure.gravatar.com\/avatar\/9cae764794acc12213aa530e21558ed2bd96c03f91e0c3ad21cc1905765be658?s=96&d=mm&r=g","url":"https:\/\/secure.gravatar.com\/avatar\/9cae764794acc12213aa530e21558ed2bd96c03f91e0c3ad21cc1905765be658?s=96&d=mm&r=g","height":96,"width":96}},"publisher":{"@type":"Organization","name":"tevacz.cz","logo":{"@type":"ImageObject","@id":"\/logo.png","url":"\/logo.png","width":600,"height":60}},"image":{"@type":"ImageObject","@id":"https:\/\/www.tevacz.cz\/wp-content\/uploads\/img_a358797_w1926_t1573043851.jpg","url":"https:\/\/www.tevacz.cz\/wp-content\/uploads\/img_a358797_w1926_t1573043851.jpg","height":0,"width":0},"keywords":null}]}