{"@context":"https:\/\/schema.org\/","@type":"CollectionPage","@id":"https:\/\/www.tevacz.cz\/deti\/#CollectionPage","headline":"D\u011bti Category","description":"","url":"https:\/\/www.tevacz.cz\/deti\/","hasPart":[{"@type":"Article","@id":"https:\/\/www.tevacz.cz\/darky-pro-deti-uz-maji-jiny-rozmer\/","headline":"D\u00e1rky pro d\u011bti u\u017e maj\u00ed jin\u00fd rozm\u011br","url":"https:\/\/www.tevacz.cz\/darky-pro-deti-uz-maji-jiny-rozmer\/","datePublished":"2025-03-01","dateModified":"2023-04-28","mainEntityOfPage":"https:\/\/www.tevacz.cz\/darky-pro-deti-uz-maji-jiny-rozmer\/","author":{"@type":"Person","@id":"https:\/\/www.tevacz.cz\/author\/#Person","name":"tevacz.cz\n","url":"https:\/\/www.tevacz.cz\/author\/","identifier":1,"image":{"@type":"ImageObject","@id":"https:\/\/secure.gravatar.com\/avatar\/9cae764794acc12213aa530e21558ed2bd96c03f91e0c3ad21cc1905765be658?s=96&d=mm&r=g","url":"https:\/\/secure.gravatar.com\/avatar\/9cae764794acc12213aa530e21558ed2bd96c03f91e0c3ad21cc1905765be658?s=96&d=mm&r=g","height":96,"width":96}},"publisher":{"@type":"Organization","name":"tevacz.cz","logo":{"@type":"ImageObject","@id":"\/logo.png","url":"\/logo.png","width":600,"height":60}},"image":{"@type":"ImageObject","@id":"https:\/\/www.tevacz.cz\/wp-content\/uploads\/img_a326441_w1926_t1538596423.jpg","url":"https:\/\/www.tevacz.cz\/wp-content\/uploads\/img_a326441_w1926_t1538596423.jpg","height":0,"width":0},"keywords":null},{"@type":"Article","@id":"https:\/\/www.tevacz.cz\/zodpovedna-vychova\/","headline":"Zodpov\u011bdn\u00e1 v\u00fdchova","url":"https:\/\/www.tevacz.cz\/zodpovedna-vychova\/","datePublished":"2025-02-28","dateModified":"2023-04-28","mainEntityOfPage":"https:\/\/www.tevacz.cz\/zodpovedna-vychova\/","author":{"@type":"Person","@id":"https:\/\/www.tevacz.cz\/author\/#Person","name":"tevacz.cz\n","url":"https:\/\/www.tevacz.cz\/author\/","identifier":1,"image":{"@type":"ImageObject","@id":"https:\/\/secure.gravatar.com\/avatar\/9cae764794acc12213aa530e21558ed2bd96c03f91e0c3ad21cc1905765be658?s=96&d=mm&r=g","url":"https:\/\/secure.gravatar.com\/avatar\/9cae764794acc12213aa530e21558ed2bd96c03f91e0c3ad21cc1905765be658?s=96&d=mm&r=g","height":96,"width":96}},"publisher":{"@type":"Organization","name":"tevacz.cz","logo":{"@type":"ImageObject","@id":"\/logo.png","url":"\/logo.png","width":600,"height":60}},"image":{"@type":"ImageObject","@id":"https:\/\/www.tevacz.cz\/wp-content\/uploads\/img_a310567_w1775_t1521533296.jpg","url":"https:\/\/www.tevacz.cz\/wp-content\/uploads\/img_a310567_w1775_t1521533296.jpg","height":0,"width":0},"keywords":null},{"@type":"Article","@id":"https:\/\/www.tevacz.cz\/pohadka-na-dobrou-noc-je-pro-deti-kouzelnym-svetem\/","headline":"Poh\u00e1dka na dobrou noc je pro d\u011bti kouzeln\u00fdm sv\u011btem","url":"https:\/\/www.tevacz.cz\/pohadka-na-dobrou-noc-je-pro-deti-kouzelnym-svetem\/","datePublished":"2023-04-28","dateModified":"2023-04-28","mainEntityOfPage":"https:\/\/www.tevacz.cz\/pohadka-na-dobrou-noc-je-pro-deti-kouzelnym-svetem\/","author":{"@type":"Person","@id":"https:\/\/www.tevacz.cz\/author\/#Person","name":"tevacz.cz\n","url":"https:\/\/www.tevacz.cz\/author\/","identifier":1,"image":{"@type":"ImageObject","@id":"https:\/\/secure.gravatar.com\/avatar\/9cae764794acc12213aa530e21558ed2bd96c03f91e0c3ad21cc1905765be658?s=96&d=mm&r=g","url":"https:\/\/secure.gravatar.com\/avatar\/9cae764794acc12213aa530e21558ed2bd96c03f91e0c3ad21cc1905765be658?s=96&d=mm&r=g","height":96,"width":96}},"publisher":{"@type":"Organization","name":"tevacz.cz","logo":{"@type":"ImageObject","@id":"\/logo.png","url":"\/logo.png","width":600,"height":60}},"image":null,"keywords":null},{"@type":"Article","@id":"https:\/\/www.tevacz.cz\/nedejte-vsim-zadnou-sanci\/","headline":"Nedejte v\u0161\u00edm \u017e\u00e1dnou \u0161anci!","url":"https:\/\/www.tevacz.cz\/nedejte-vsim-zadnou-sanci\/","datePublished":"2023-04-28","dateModified":"2023-04-28","mainEntityOfPage":"https:\/\/www.tevacz.cz\/nedejte-vsim-zadnou-sanci\/","author":{"@type":"Person","@id":"https:\/\/www.tevacz.cz\/author\/#Person","name":"tevacz.cz\n","url":"https:\/\/www.tevacz.cz\/author\/","identifier":1,"image":{"@type":"ImageObject","@id":"https:\/\/secure.gravatar.com\/avatar\/9cae764794acc12213aa530e21558ed2bd96c03f91e0c3ad21cc1905765be658?s=96&d=mm&r=g","url":"https:\/\/secure.gravatar.com\/avatar\/9cae764794acc12213aa530e21558ed2bd96c03f91e0c3ad21cc1905765be658?s=96&d=mm&r=g","height":96,"width":96}},"publisher":{"@type":"Organization","name":"tevacz.cz","logo":{"@type":"ImageObject","@id":"\/logo.png","url":"\/logo.png","width":600,"height":60}},"image":null,"keywords":null},{"@type":"Article","@id":"https:\/\/www.tevacz.cz\/cviceni-s-miminkem\/","headline":"Cvi\u010den\u00ed s miminkem","url":"https:\/\/www.tevacz.cz\/cviceni-s-miminkem\/","datePublished":"2023-04-28","dateModified":"2023-04-28","mainEntityOfPage":"https:\/\/www.tevacz.cz\/cviceni-s-miminkem\/","author":{"@type":"Person","@id":"https:\/\/www.tevacz.cz\/author\/#Person","name":"tevacz.cz\n","url":"https:\/\/www.tevacz.cz\/author\/","identifier":1,"image":{"@type":"ImageObject","@id":"https:\/\/secure.gravatar.com\/avatar\/9cae764794acc12213aa530e21558ed2bd96c03f91e0c3ad21cc1905765be658?s=96&d=mm&r=g","url":"https:\/\/secure.gravatar.com\/avatar\/9cae764794acc12213aa530e21558ed2bd96c03f91e0c3ad21cc1905765be658?s=96&d=mm&r=g","height":96,"width":96}},"publisher":{"@type":"Organization","name":"tevacz.cz","logo":{"@type":"ImageObject","@id":"\/logo.png","url":"\/logo.png","width":600,"height":60}},"image":null,"keywords":null},{"@type":"Article","@id":"https:\/\/www.tevacz.cz\/letni-vylety-pro-deti\/","headline":"Letn\u00ed v\u00fdlety pro d\u011bti","url":"https:\/\/www.tevacz.cz\/letni-vylety-pro-deti\/","datePublished":"2019-06-15","dateModified":"2023-04-28","mainEntityOfPage":"https:\/\/www.tevacz.cz\/letni-vylety-pro-deti\/","author":{"@type":"Person","@id":"https:\/\/www.tevacz.cz\/author\/#Person","name":"tevacz.cz\n","url":"https:\/\/www.tevacz.cz\/author\/","identifier":1,"image":{"@type":"ImageObject","@id":"https:\/\/secure.gravatar.com\/avatar\/9cae764794acc12213aa530e21558ed2bd96c03f91e0c3ad21cc1905765be658?s=96&d=mm&r=g","url":"https:\/\/secure.gravatar.com\/avatar\/9cae764794acc12213aa530e21558ed2bd96c03f91e0c3ad21cc1905765be658?s=96&d=mm&r=g","height":96,"width":96}},"publisher":{"@type":"Organization","name":"tevacz.cz","logo":{"@type":"ImageObject","@id":"\/logo.png","url":"\/logo.png","width":600,"height":60}},"image":{"@type":"ImageObject","@id":"https:\/\/www.tevacz.cz\/wp-content\/uploads\/img_a347119_w1926_t1561282527.jpg","url":"https:\/\/www.tevacz.cz\/wp-content\/uploads\/img_a347119_w1926_t1561282527.jpg","height":0,"width":0},"keywords":null},{"@type":"Article","@id":"https:\/\/www.tevacz.cz\/detske-kolo-odrazedlo\/","headline":"D\u011btsk\u00e9 kolo odr\u00e1\u017eedlo","url":"https:\/\/www.tevacz.cz\/detske-kolo-odrazedlo\/","datePublished":"2019-06-15","dateModified":"2023-04-28","mainEntityOfPage":"https:\/\/www.tevacz.cz\/detske-kolo-odrazedlo\/","author":{"@type":"Person","@id":"https:\/\/www.tevacz.cz\/author\/#Person","name":"tevacz.cz\n","url":"https:\/\/www.tevacz.cz\/author\/","identifier":1,"image":{"@type":"ImageObject","@id":"https:\/\/secure.gravatar.com\/avatar\/9cae764794acc12213aa530e21558ed2bd96c03f91e0c3ad21cc1905765be658?s=96&d=mm&r=g","url":"https:\/\/secure.gravatar.com\/avatar\/9cae764794acc12213aa530e21558ed2bd96c03f91e0c3ad21cc1905765be658?s=96&d=mm&r=g","height":96,"width":96}},"publisher":{"@type":"Organization","name":"tevacz.cz","logo":{"@type":"ImageObject","@id":"\/logo.png","url":"\/logo.png","width":600,"height":60}},"image":{"@type":"ImageObject","@id":"https:\/\/www.tevacz.cz\/wp-content\/uploads\/img_a357958_w1926_t1572280980.jpg","url":"https:\/\/www.tevacz.cz\/wp-content\/uploads\/img_a357958_w1926_t1572280980.jpg","height":0,"width":0},"keywords":null}]}