[{"@context":"https:\/\/schema.org\/","@type":"Article","@id":"https:\/\/www.tevacz.cz\/cviceni-s-miminkem\/#Article","mainEntityOfPage":"https:\/\/www.tevacz.cz\/cviceni-s-miminkem\/","headline":"Cvi\u010den\u00ed s miminkem","name":"Cvi\u010den\u00ed s miminkem","description":"Pokud m\u00e1 va\u0161e miminko r\u016fzn\u00e9 odchylky ve v\u00fdvoji, a\u0165 u\u017e jde o men\u0161\u00ed pohyblivost, st\u00e1\u010den\u00ed se k\u00a0jedn\u00e9 stran\u011b, proh\u00fdb\u00e1n\u00ed t\u011bl\u00ed\u010dka nebo p\u0159\u00edli\u0161nou napnutost, je pot\u0159eba za\u0161\u00edt s\u00a0n\u00e1pravn\u00fdm cvi\u010den\u00edm. Rehabilitace miminek nen\u00ed dnes ni\u010d\u00edm zvl\u00e1\u0161tn\u00edm. Zku\u0161en\u00ed terapeuti kombinuj\u00ed r\u016fzn\u00e9 zp\u016fsoby cvi\u010den\u00ed podle schopnost\u00ed rodi\u010d\u016f a stavu miminka. Cviky jsou specifick\u00e9, a nau\u010d\u00edte se je vy i [&hellip;]","datePublished":"2023-04-28","dateModified":"2023-04-28","author":{"@type":"Person","@id":"https:\/\/www.tevacz.cz\/author\/#Person","name":"tevacz.cz\n","url":"https:\/\/www.tevacz.cz\/author\/","identifier":1,"image":{"@type":"ImageObject","@id":"https:\/\/secure.gravatar.com\/avatar\/9cae764794acc12213aa530e21558ed2bd96c03f91e0c3ad21cc1905765be658?s=96&d=mm&r=g","url":"https:\/\/secure.gravatar.com\/avatar\/9cae764794acc12213aa530e21558ed2bd96c03f91e0c3ad21cc1905765be658?s=96&d=mm&r=g","height":96,"width":96}},"publisher":{"@type":"Organization","name":"tevacz.cz","logo":{"@type":"ImageObject","@id":"\/logo.png","url":"\/logo.png","width":600,"height":60}},"url":"https:\/\/www.tevacz.cz\/cviceni-s-miminkem\/","about":["D\u011bti"],"wordCount":435,"articleBody":"Pokud m\u00e1 va\u0161e miminko r\u016fzn\u00e9 odchylky ve v\u00fdvoji, a\u0165 u\u017e jde o men\u0161\u00ed pohyblivost, st\u00e1\u010den\u00ed se k\u00a0jedn\u00e9 stran\u011b, proh\u00fdb\u00e1n\u00ed t\u011bl\u00ed\u010dka nebo p\u0159\u00edli\u0161nou napnutost, je pot\u0159eba za\u0161\u00edt s\u00a0n\u00e1pravn\u00fdm cvi\u010den\u00edm. Rehabilitace miminek nen\u00ed dnes ni\u010d\u00edm zvl\u00e1\u0161tn\u00edm. Zku\u0161en\u00ed terapeuti kombinuj\u00ed r\u016fzn\u00e9 zp\u016fsoby cvi\u010den\u00ed podle schopnost\u00ed rodi\u010d\u016f a stavu miminka. Cviky jsou specifick\u00e9, a nau\u010d\u00edte se je vy i va\u0161e miminko velice snadno.Pokud zjist\u00edte, \u017ee motorick\u00fd v\u00fdvoj va\u0161eho d\u011b\u0165\u00e1tka m\u00e1 n\u011bjak\u00e9 odchylky, a\u0165 u\u017e se jedn\u00e1 o ot\u00e1\u010den\u00ed hlavi\u010dky jen jedn\u00edm sm\u011brem, plazen\u00ed jen jednou nohou a rukou, \u0161patn\u00fd z\u00e1klon hlavy nebo jak\u00fdkoliv pohyb, kter\u00fd se v\u00e1m nezd\u00e1, je pot\u0159eba za\u010d\u00edt s\u00a0miminkem cvi\u010dit. \u010c\u00edm d\u0159\u00edve, t\u00edm l\u00e9pe. D\u011bti se toti\u017e spr\u00e1vn\u00e9 pohyby postupn\u011b nau\u010d\u00ed.Pokud ho ale neum\u00ed spr\u00e1vn\u011b prov\u00e9st, hledaj\u00ed jin\u00fd zp\u016fsob, p\u0159i kter\u00e9m zapojuj\u00ed jin\u00e9 svaly nebo si jednostrann\u011b pom\u00e1haj\u00ed, co\u017e vede k\u00a0nespr\u00e1vn\u00e9mu psychomotorick\u00e9mu v\u00fdvoji. Ide\u00e1ln\u00ed je za\u010d\u00edt cvi\u010dit mezi druh\u00fdm a t\u0159et\u00edm m\u011bs\u00edcem. V\u010das se tak miminku srovn\u00e1 nap\u011bt\u00ed sval\u016f a jeho v\u00fdvoj m\u016f\u017ee pokra\u010dovat spr\u00e1vn\u011b. Cvi\u010den\u00ed stimuluje t\u011blesn\u00fd i du\u0161evn\u00ed v\u00fdvoj d\u00edt\u011bte a m\u016f\u017ee mu tak jen prosp\u011bt.Terapeuti b\u011bhem lekc\u00ed vyu\u017e\u00edvaj\u00ed r\u016fzn\u00e9 cvi\u010debn\u00ed pom\u016fcky, a ka\u017ed\u00e9 cvi\u010den\u00ed je doprov\u00e1zeno vesel\u00fdmi \u0159\u00edkankami nebo p\u00edsni\u010dkami, \u010d\u00edm\u017e se rozv\u00edj\u00ed tak\u00e9 schopnost mluvit. Cvi\u010den\u00ed se tak st\u00e1v\u00e1 p\u0159\u00edjemnou \u010dinnost\u00ed, kde si d\u011bti krom\u011b pohybu u\u017eij\u00ed i bl\u00edzkost sv\u00fdch rodi\u010d\u016f i vrstevn\u00edk\u016f.Jak dlouho budete muset se sv\u00fdm d\u011b\u0165\u00e1tkem cvi\u010dit, bude v\u017edy z\u00e1le\u017eet na m\u00ed\u0159e nutnosti n\u00e1pravy, fyzick\u00e9m v\u00fdvoji d\u00edt\u011bte i pe\u010dlivosti prov\u00e1d\u011bn\u00fdch cvik\u016f. Nejintenzivn\u011bji se cvi\u010d\u00ed s\u00a0d\u011btmi do p\u00e1t\u00e9ho m\u011bs\u00edce. Pak se v\u011bt\u0161inou pokra\u010duje doma.Rehabilitace nemus\u00ed b\u00fdt v\u017edy p\u0159\u00edjemn\u00e1, je v\u0161ak d\u016fle\u017eit\u00e1 pro n\u00e1pravu \u0161patn\u00e9ho pohybu va\u0161eho miminka. Spr\u00e1vn\u00fdm pohybem mu pom\u00e1h\u00e1te tak\u00e9 posilovat kostern\u00ed svaly, zlep\u0161ovat spr\u00e1vn\u00e9 dr\u017een\u00ed t\u011bla i zlep\u0161ovat fyziologick\u00e9 funkce, jako je d\u00fdch\u00e1n\u00ed, krevn\u00ed ob\u011bh, sp\u00e1nek i chu\u0165 k\u00a0j\u00eddlu.                                                                                                                                                                                                                                                                                                                                                                                        4.2\/5 - (10 votes)        "},{"@context":"https:\/\/schema.org\/","@type":"BreadcrumbList","itemListElement":[{"@type":"ListItem","position":1,"name":"Cvi\u010den\u00ed s miminkem","item":"https:\/\/www.tevacz.cz\/cviceni-s-miminkem\/#breadcrumbitem"}]}]